{"id":254337,"date":"2025-02-22T00:34:20","date_gmt":"2025-02-22T00:34:20","guid":{"rendered":"https:\/\/transitobarrancabermeja.gov.co\/ittb\/?p=254337"},"modified":"2025-03-04T22:07:12","modified_gmt":"2025-03-04T22:07:12","slug":"medidas-para-garantizar-la-seguridad-y-el-orden-en-el-distrito","status":"publish","type":"post","link":"https:\/\/transitobarrancabermeja.gov.co\/ittb\/medidas-para-garantizar-la-seguridad-y-el-orden-en-el-distrito\/","title":{"rendered":"Medidas para garantizar la seguridad y el orden en el Distrito"},"content":{"rendered":"[et_pb_section admin_label=&#8221;section&#8221;]\n\t\t\t[et_pb_row admin_label=&#8221;row&#8221;]\n\t\t\t\t[et_pb_column type=&#8221;4_4&#8243;][et_pb_text admin_label=&#8221;Text&#8221;]\n<p>Hoy empieza a regir el Decreto 067 de 2025, que restringe el parrillero hombre en motocicletas y ordena toque de queda para menores de edad, en Barrancabermeja. La etapa de socializaci\u00f3n a la comunidad ya se cumpli\u00f3, por lo que la etapa sancionatoria inicia este viernes, 21 de febrero. Las medidas ser\u00e1n las siguientes:<br>\ud83d\udea8 Se proh\u00edbe a partir de la fecha la circulaci\u00f3n de motocicleta, motocarros y mototriciclos que utilicen acompa\u00f1ante o parrillero hombre, en el horario comprendido entre las 7:00 p.m. y las 5:00 a.m. del d\u00eda siguiente, de lunes a domingo. Esto tiene una vigencia de 2 meses.<br>\ud83d\udea8 Toque de queda para menores de edad, quienes no podr\u00e1n circular por las calles de la ciudad o estar en lugares abiertos al p\u00fablico sin un adulto responsable, entre las 10:30 p.m. y las 4:30 a.m. del d\u00eda siguiente. Esto tendr\u00e1 una vigencia de 6 meses.<br>Estas medidas son transitorias y buscan garantizar el orden p\u00fablico, la convivencia y la seguridad ciudadana en el Distrito especial de Barrancabermeja.<\/p>\n\n\n\n<div class=\"wp-block-columns is-layout-flex wp-container-core-columns-is-layout-9d6595d7 wp-block-columns-is-layout-flex\">\n<div class=\"wp-block-column is-layout-flow wp-block-column-is-layout-flow\" style=\"flex-basis:100%\">\n<figure class=\"wp-block-gallery has-nested-images columns-2 is-cropped wp-block-gallery-1 is-layout-flex wp-block-gallery-is-layout-flex\">\n<figure class=\"wp-block-image size-large\"><img loading=\"lazy\" decoding=\"async\" width=\"1024\" height=\"1024\" data-id=\"254340\" src=\"https:\/\/transitobarrancabermeja.gov.co\/ittb\/wp-content\/uploads\/2025\/02\/aeed44be-f478-41c3-bd60-dc1b9b78785b-1024x1024.jpeg\" alt=\"\" class=\"wp-image-254340\" srcset=\"https:\/\/transitobarrancabermeja.gov.co\/ittb\/wp-content\/uploads\/2025\/02\/aeed44be-f478-41c3-bd60-dc1b9b78785b-1024x1024.jpeg 1024w, https:\/\/transitobarrancabermeja.gov.co\/ittb\/wp-content\/uploads\/2025\/02\/aeed44be-f478-41c3-bd60-dc1b9b78785b-300x300.jpeg 300w, https:\/\/transitobarrancabermeja.gov.co\/ittb\/wp-content\/uploads\/2025\/02\/aeed44be-f478-41c3-bd60-dc1b9b78785b-150x150.jpeg 150w, https:\/\/transitobarrancabermeja.gov.co\/ittb\/wp-content\/uploads\/2025\/02\/aeed44be-f478-41c3-bd60-dc1b9b78785b-768x768.jpeg 768w, https:\/\/transitobarrancabermeja.gov.co\/ittb\/wp-content\/uploads\/2025\/02\/aeed44be-f478-41c3-bd60-dc1b9b78785b-1536x1536.jpeg 1536w\" sizes=\"(max-width: 1024px) 100vw, 1024px\" \/><\/figure>\n\n\n\n<figure class=\"wp-block-image size-large\"><img loading=\"lazy\" decoding=\"async\" width=\"1024\" height=\"1024\" data-id=\"254341\" src=\"https:\/\/transitobarrancabermeja.gov.co\/ittb\/wp-content\/uploads\/2025\/02\/24d66834-1ae9-415d-bd1a-5e3ff4482f79-1024x1024.jpeg\" alt=\"\" class=\"wp-image-254341\" srcset=\"https:\/\/transitobarrancabermeja.gov.co\/ittb\/wp-content\/uploads\/2025\/02\/24d66834-1ae9-415d-bd1a-5e3ff4482f79-1024x1024.jpeg 1024w, https:\/\/transitobarrancabermeja.gov.co\/ittb\/wp-content\/uploads\/2025\/02\/24d66834-1ae9-415d-bd1a-5e3ff4482f79-300x300.jpeg 300w, https:\/\/transitobarrancabermeja.gov.co\/ittb\/wp-content\/uploads\/2025\/02\/24d66834-1ae9-415d-bd1a-5e3ff4482f79-150x150.jpeg 150w, https:\/\/transitobarrancabermeja.gov.co\/ittb\/wp-content\/uploads\/2025\/02\/24d66834-1ae9-415d-bd1a-5e3ff4482f79-768x768.jpeg 768w, https:\/\/transitobarrancabermeja.gov.co\/ittb\/wp-content\/uploads\/2025\/02\/24d66834-1ae9-415d-bd1a-5e3ff4482f79-1536x1536.jpeg 1536w\" sizes=\"(max-width: 1024px) 100vw, 1024px\" \/><\/figure>\n\n\n\n<figure class=\"wp-block-image size-large\"><img loading=\"lazy\" decoding=\"async\" width=\"1024\" height=\"1024\" data-id=\"254339\" src=\"https:\/\/transitobarrancabermeja.gov.co\/ittb\/wp-content\/uploads\/2025\/02\/411deca0-3cd5-4558-bd49-29c98c2a30ba-1024x1024.jpeg\" alt=\"\" class=\"wp-image-254339\" srcset=\"https:\/\/transitobarrancabermeja.gov.co\/ittb\/wp-content\/uploads\/2025\/02\/411deca0-3cd5-4558-bd49-29c98c2a30ba-1024x1024.jpeg 1024w, https:\/\/transitobarrancabermeja.gov.co\/ittb\/wp-content\/uploads\/2025\/02\/411deca0-3cd5-4558-bd49-29c98c2a30ba-300x300.jpeg 300w, https:\/\/transitobarrancabermeja.gov.co\/ittb\/wp-content\/uploads\/2025\/02\/411deca0-3cd5-4558-bd49-29c98c2a30ba-150x150.jpeg 150w, https:\/\/transitobarrancabermeja.gov.co\/ittb\/wp-content\/uploads\/2025\/02\/411deca0-3cd5-4558-bd49-29c98c2a30ba-768x768.jpeg 768w, https:\/\/transitobarrancabermeja.gov.co\/ittb\/wp-content\/uploads\/2025\/02\/411deca0-3cd5-4558-bd49-29c98c2a30ba-1536x1536.jpeg 1536w\" sizes=\"(max-width: 1024px) 100vw, 1024px\" \/><\/figure>\n\n\n\n<figure class=\"wp-block-image size-large\"><img loading=\"lazy\" decoding=\"async\" width=\"1024\" height=\"1024\" data-id=\"254338\" src=\"https:\/\/transitobarrancabermeja.gov.co\/ittb\/wp-content\/uploads\/2025\/02\/cd7e9238-ae61-4c01-a4b8-54a5a10e58df-1024x1024.jpeg\" alt=\"Medidasdeseguridadenbarrancabermeja\" class=\"wp-image-254338\" srcset=\"https:\/\/transitobarrancabermeja.gov.co\/ittb\/wp-content\/uploads\/2025\/02\/cd7e9238-ae61-4c01-a4b8-54a5a10e58df-1024x1024.jpeg 1024w, https:\/\/transitobarrancabermeja.gov.co\/ittb\/wp-content\/uploads\/2025\/02\/cd7e9238-ae61-4c01-a4b8-54a5a10e58df-300x300.jpeg 300w, https:\/\/transitobarrancabermeja.gov.co\/ittb\/wp-content\/uploads\/2025\/02\/cd7e9238-ae61-4c01-a4b8-54a5a10e58df-150x150.jpeg 150w, https:\/\/transitobarrancabermeja.gov.co\/ittb\/wp-content\/uploads\/2025\/02\/cd7e9238-ae61-4c01-a4b8-54a5a10e58df-768x768.jpeg 768w, https:\/\/transitobarrancabermeja.gov.co\/ittb\/wp-content\/uploads\/2025\/02\/cd7e9238-ae61-4c01-a4b8-54a5a10e58df-1536x1536.jpeg 1536w\" sizes=\"(max-width: 1024px) 100vw, 1024px\" \/><figcaption class=\"wp-element-caption\">Medidasdeseguridadenbarrancabermeja<\/figcaption><\/figure>\n<\/figure>\n<\/div>\n<\/div>\n[\/et_pb_text][\/et_pb_column]\n\t\t\t[\/et_pb_row]\n\t\t[\/et_pb_section]","protected":false},"excerpt":{"rendered":"<p>Hoy empieza a regir el Decreto 067 de 2025, que restringe el parrillero hombre en motocicletas y ordena toque de queda para menores de edad, en Barrancabermeja. La etapa de [&hellip;]<\/p>\n","protected":false},"author":1,"featured_media":254345,"comment_status":"open","ping_status":"open","sticky":false,"template":"","format":"standard","meta":{"_et_pb_use_builder":"on","_et_pb_old_content":"<!-- wp:paragraph -->\n<p>Hoy empieza a regir el Decreto 067 de 2025, que restringe el parrillero hombre en motocicletas y ordena toque de queda para menores de edad, en Barrancabermeja. La etapa de socializaci\u00f3n a la comunidad ya se cumpli\u00f3, por lo que la etapa sancionatoria inicia este viernes, 21 de febrero. Las medidas ser\u00e1n las siguientes:<br>\ud83d\udea8 Se proh\u00edbe a partir de la fecha la circulaci\u00f3n de motocicleta, motocarros y mototriciclos que utilicen acompa\u00f1ante o parrillero hombre, en el horario comprendido entre las 7:00 p.m. y las 5:00 a.m. del d\u00eda siguiente, de lunes a domingo. Esto tiene una vigencia de 2 meses.<br>\ud83d\udea8 Toque de queda para menores de edad, quienes no podr\u00e1n circular por las calles de la ciudad o estar en lugares abiertos al p\u00fablico sin un adulto responsable, entre las 10:30 p.m. y las 4:30 a.m. del d\u00eda siguiente. Esto tendr\u00e1 una vigencia de 6 meses.<br>Estas medidas son transitorias y buscan garantizar el orden p\u00fablico, la convivencia y la seguridad ciudadana en el Distrito especial de Barrancabermeja.<\/p>\n<!-- \/wp:paragraph -->\n\n<!-- wp:columns -->\n<div class=\"wp-block-columns\"><!-- wp:column {\"width\":\"100%\"} -->\n<div class=\"wp-block-column\" style=\"flex-basis:100%\"><!-- wp:gallery {\"columns\":2,\"linkTo\":\"none\"} -->\n<figure class=\"wp-block-gallery has-nested-images columns-2 is-cropped\"><!-- wp:image {\"id\":254340,\"sizeSlug\":\"large\",\"linkDestination\":\"none\"} -->\n<figure class=\"wp-block-image size-large\"><img src=\"https:\/\/transitobarrancabermeja.gov.co\/ittb\/wp-content\/uploads\/2025\/02\/aeed44be-f478-41c3-bd60-dc1b9b78785b-1024x1024.jpeg\" alt=\"\" class=\"wp-image-254340\"\/><\/figure>\n<!-- \/wp:image -->\n\n<!-- wp:image {\"id\":254341,\"sizeSlug\":\"large\",\"linkDestination\":\"none\"} -->\n<figure class=\"wp-block-image size-large\"><img src=\"https:\/\/transitobarrancabermeja.gov.co\/ittb\/wp-content\/uploads\/2025\/02\/24d66834-1ae9-415d-bd1a-5e3ff4482f79-1024x1024.jpeg\" alt=\"\" class=\"wp-image-254341\"\/><\/figure>\n<!-- \/wp:image -->\n\n<!-- wp:image {\"id\":254339,\"sizeSlug\":\"large\",\"linkDestination\":\"none\"} -->\n<figure class=\"wp-block-image size-large\"><img src=\"https:\/\/transitobarrancabermeja.gov.co\/ittb\/wp-content\/uploads\/2025\/02\/411deca0-3cd5-4558-bd49-29c98c2a30ba-1024x1024.jpeg\" alt=\"\" class=\"wp-image-254339\"\/><\/figure>\n<!-- \/wp:image -->\n\n<!-- wp:image {\"id\":254338,\"sizeSlug\":\"large\",\"linkDestination\":\"none\"} -->\n<figure class=\"wp-block-image size-large\"><img src=\"https:\/\/transitobarrancabermeja.gov.co\/ittb\/wp-content\/uploads\/2025\/02\/cd7e9238-ae61-4c01-a4b8-54a5a10e58df-1024x1024.jpeg\" alt=\"Medidasdeseguridadenbarrancabermeja\" class=\"wp-image-254338\"\/><figcaption class=\"wp-element-caption\">Medidasdeseguridadenbarrancabermeja<\/figcaption><\/figure>\n<!-- \/wp:image --><\/figure>\n<!-- \/wp:gallery --><\/div>\n<!-- \/wp:column --><\/div>\n<!-- \/wp:columns -->","_et_gb_content_width":"","_jetpack_memberships_contains_paid_content":false,"footnotes":""},"categories":[47],"tags":[],"class_list":["post-254337","post","type-post","status-publish","format-standard","has-post-thumbnail","hentry","category-noticias"],"jetpack_featured_media_url":"https:\/\/transitobarrancabermeja.gov.co\/ittb\/wp-content\/uploads\/2025\/02\/aeed44be-f478-41c3-bd60-dc1b9b78785b-1-scaled-e1740184899322.jpeg","jetpack_sharing_enabled":true,"_links":{"self":[{"href":"https:\/\/transitobarrancabermeja.gov.co\/ittb\/wp-json\/wp\/v2\/posts\/254337","targetHints":{"allow":["GET"]}}],"collection":[{"href":"https:\/\/transitobarrancabermeja.gov.co\/ittb\/wp-json\/wp\/v2\/posts"}],"about":[{"href":"https:\/\/transitobarrancabermeja.gov.co\/ittb\/wp-json\/wp\/v2\/types\/post"}],"author":[{"embeddable":true,"href":"https:\/\/transitobarrancabermeja.gov.co\/ittb\/wp-json\/wp\/v2\/users\/1"}],"replies":[{"embeddable":true,"href":"https:\/\/transitobarrancabermeja.gov.co\/ittb\/wp-json\/wp\/v2\/comments?post=254337"}],"version-history":[{"count":2,"href":"https:\/\/transitobarrancabermeja.gov.co\/ittb\/wp-json\/wp\/v2\/posts\/254337\/revisions"}],"predecessor-version":[{"id":254351,"href":"https:\/\/transitobarrancabermeja.gov.co\/ittb\/wp-json\/wp\/v2\/posts\/254337\/revisions\/254351"}],"wp:featuredmedia":[{"embeddable":true,"href":"https:\/\/transitobarrancabermeja.gov.co\/ittb\/wp-json\/wp\/v2\/media\/254345"}],"wp:attachment":[{"href":"https:\/\/transitobarrancabermeja.gov.co\/ittb\/wp-json\/wp\/v2\/media?parent=254337"}],"wp:term":[{"taxonomy":"category","embeddable":true,"href":"https:\/\/transitobarrancabermeja.gov.co\/ittb\/wp-json\/wp\/v2\/categories?post=254337"},{"taxonomy":"post_tag","embeddable":true,"href":"https:\/\/transitobarrancabermeja.gov.co\/ittb\/wp-json\/wp\/v2\/tags?post=254337"}],"curies":[{"name":"wp","href":"https:\/\/api.w.org\/{rel}","templated":true}]}}